{"id":11824,"count":0,"description":"Ensemble de No\u00ebl en fibre de verre d\u00e9cor\u00e9es \u00e0 la main. Statues d'une hauteur de 65 cm jusqu'\u00e0 une hauteur naturelle de 160 cm. Ensemble de No\u00ebl fabriqu\u00e9es dans un mat\u00e9riau adapt\u00e9 \u00e0 l'usage ext\u00e9rieur. Ensemble de No\u00ebl compl\u00e8tes avec b\u0153uf, \u00e2ne, bergers et rois mages\r\n","link":"https:\/\/www.gruppoliturgico.com\/fr\/categorie-produits\/saint-noel\/ensemble-de-noel\/","name":"Ensemble de No\u00ebl","slug":"ensemble-de-noel","taxonomy":"product_cat","parent":11608,"meta":[],"yoast_head":"<!-- This site is optimized with the Yoast SEO plugin v20.4 - https:\/\/yoast.com\/wordpress\/plugins\/seo\/ -->\n<title>Ensemble de No\u00ebl - Laboratorio Gruppo Liturgico<\/title>\n<meta name=\"description\" content=\"Ensemble de No\u00ebl en fibre de verre d\u00e9cor\u00e9es \u00e0 la main. Statues d&rsquo;une hauteur de 65 cm jusqu&rsquo;\u00e0 une hauteur naturelle de 160 cm. Ensemble de No\u00ebl fabriqu\u00e9es dans un mat\u00e9riau adapt\u00e9 \u00e0 l&rsquo;usage ext\u00e9rieur. Ensemble de No\u00ebl compl\u00e8tes avec b\u0153uf, \u00e2ne, bergers et rois mages\" \/>\n<meta name=\"robots\" content=\"index, follow, max-snippet:-1, max-image-preview:large, max-video-preview:-1\" \/>\n<link rel=\"canonical\" href=\"https:\/\/www.gruppoliturgico.com\/fr\/categorie-produits\/saint-noel\/ensemble-de-noel\/\" \/>\n<meta property=\"og:locale\" content=\"fr_FR\" \/>\n<meta property=\"og:type\" content=\"article\" \/>\n<meta property=\"og:title\" content=\"Ensemble de No\u00ebl - Laboratorio Gruppo Liturgico\" \/>\n<meta property=\"og:description\" content=\"Ensemble de No\u00ebl en fibre de verre d\u00e9cor\u00e9es \u00e0 la main. Statues d&rsquo;une hauteur de 65 cm jusqu&rsquo;\u00e0 une hauteur naturelle de 160 cm. Ensemble de No\u00ebl fabriqu\u00e9es dans un mat\u00e9riau adapt\u00e9 \u00e0 l&rsquo;usage ext\u00e9rieur. Ensemble de No\u00ebl compl\u00e8tes avec b\u0153uf, \u00e2ne, bergers et rois mages\" \/>\n<meta property=\"og:url\" content=\"https:\/\/www.gruppoliturgico.com\/fr\/categorie-produits\/saint-noel\/ensemble-de-noel\/\" \/>\n<meta property=\"og:site_name\" content=\"Laboratorio Gruppo Liturgico\" \/>\n<meta name=\"twitter:card\" content=\"summary_large_image\" \/>\n<script type=\"application\/ld+json\" class=\"yoast-schema-graph\">{\"@context\":\"https:\/\/schema.org\",\"@graph\":[{\"@type\":\"CollectionPage\",\"@id\":\"https:\/\/www.gruppoliturgico.com\/fr\/categorie-produits\/saint-noel\/ensemble-de-noel\/\",\"url\":\"https:\/\/www.gruppoliturgico.com\/fr\/categorie-produits\/saint-noel\/ensemble-de-noel\/\",\"name\":\"Ensemble de No\u00ebl - Laboratorio Gruppo Liturgico\",\"isPartOf\":{\"@id\":\"https:\/\/www.gruppoliturgico.com\/es\/#website\"},\"description\":\"Ensemble de No\u00ebl en fibre de verre d\u00e9cor\u00e9es \u00e0 la main. Statues d&rsquo;une hauteur de 65 cm jusqu&rsquo;\u00e0 une hauteur naturelle de 160 cm. Ensemble de No\u00ebl fabriqu\u00e9es dans un mat\u00e9riau adapt\u00e9 \u00e0 l&rsquo;usage ext\u00e9rieur. Ensemble de No\u00ebl compl\u00e8tes avec b\u0153uf, \u00e2ne, bergers et rois mages\",\"breadcrumb\":{\"@id\":\"https:\/\/www.gruppoliturgico.com\/fr\/categorie-produits\/saint-noel\/ensemble-de-noel\/#breadcrumb\"},\"inLanguage\":\"fr-FR\"},{\"@type\":\"BreadcrumbList\",\"@id\":\"https:\/\/www.gruppoliturgico.com\/fr\/categorie-produits\/saint-noel\/ensemble-de-noel\/#breadcrumb\",\"itemListElement\":[{\"@type\":\"ListItem\",\"position\":1,\"name\":\"Home\",\"item\":\"https:\/\/www.gruppoliturgico.com\/fr\/\"},{\"@type\":\"ListItem\",\"position\":2,\"name\":\"Saint N\u00f6el\",\"item\":\"https:\/\/www.gruppoliturgico.com\/fr\/categorie-produits\/saint-noel\/\"},{\"@type\":\"ListItem\",\"position\":3,\"name\":\"Ensemble de No\u00ebl\"}]},{\"@type\":\"WebSite\",\"@id\":\"https:\/\/www.gruppoliturgico.com\/es\/#website\",\"url\":\"https:\/\/www.gruppoliturgico.com\/es\/\",\"name\":\"Laboratorio Gruppo Liturgico\",\"description\":\"Articoli Religiosi online\",\"publisher\":{\"@id\":\"https:\/\/www.gruppoliturgico.com\/es\/#organization\"},\"potentialAction\":[{\"@type\":\"SearchAction\",\"target\":{\"@type\":\"EntryPoint\",\"urlTemplate\":\"https:\/\/www.gruppoliturgico.com\/es\/?s={search_term_string}\"},\"query-input\":\"required name=search_term_string\"}],\"inLanguage\":\"fr-FR\"},{\"@type\":\"Organization\",\"@id\":\"https:\/\/www.gruppoliturgico.com\/es\/#organization\",\"name\":\"Laboratorio Gruppo Liturgico\",\"url\":\"https:\/\/www.gruppoliturgico.com\/es\/\",\"logo\":{\"@type\":\"ImageObject\",\"inLanguage\":\"fr-FR\",\"@id\":\"https:\/\/www.gruppoliturgico.com\/es\/#\/schema\/logo\/image\/\",\"url\":\"https:\/\/www.gruppoliturgico.com\/wp-content\/uploads\/2022\/02\/logo-laboratoriogruppoliturgico.png\",\"contentUrl\":\"https:\/\/www.gruppoliturgico.com\/wp-content\/uploads\/2022\/02\/logo-laboratoriogruppoliturgico.png\",\"width\":400,\"height\":114,\"caption\":\"Laboratorio Gruppo Liturgico\"},\"image\":{\"@id\":\"https:\/\/www.gruppoliturgico.com\/es\/#\/schema\/logo\/image\/\"}}]}<\/script>\n<!-- \/ Yoast SEO plugin. -->","yoast_head_json":{"title":"Ensemble de No\u00ebl - Laboratorio Gruppo Liturgico","description":"Ensemble de No\u00ebl en fibre de verre d\u00e9cor\u00e9es \u00e0 la main. Statues d&rsquo;une hauteur de 65 cm jusqu&rsquo;\u00e0 une hauteur naturelle de 160 cm. Ensemble de No\u00ebl fabriqu\u00e9es dans un mat\u00e9riau adapt\u00e9 \u00e0 l&rsquo;usage ext\u00e9rieur. Ensemble de No\u00ebl compl\u00e8tes avec b\u0153uf, \u00e2ne, bergers et rois mages","robots":{"index":"index","follow":"follow","max-snippet":"max-snippet:-1","max-image-preview":"max-image-preview:large","max-video-preview":"max-video-preview:-1"},"canonical":"https:\/\/www.gruppoliturgico.com\/fr\/categorie-produits\/saint-noel\/ensemble-de-noel\/","og_locale":"fr_FR","og_type":"article","og_title":"Ensemble de No\u00ebl - Laboratorio Gruppo Liturgico","og_description":"Ensemble de No\u00ebl en fibre de verre d\u00e9cor\u00e9es \u00e0 la main. Statues d&rsquo;une hauteur de 65 cm jusqu&rsquo;\u00e0 une hauteur naturelle de 160 cm. Ensemble de No\u00ebl fabriqu\u00e9es dans un mat\u00e9riau adapt\u00e9 \u00e0 l&rsquo;usage ext\u00e9rieur. Ensemble de No\u00ebl compl\u00e8tes avec b\u0153uf, \u00e2ne, bergers et rois mages","og_url":"https:\/\/www.gruppoliturgico.com\/fr\/categorie-produits\/saint-noel\/ensemble-de-noel\/","og_site_name":"Laboratorio Gruppo Liturgico","twitter_card":"summary_large_image","schema":{"@context":"https:\/\/schema.org","@graph":[{"@type":"CollectionPage","@id":"https:\/\/www.gruppoliturgico.com\/fr\/categorie-produits\/saint-noel\/ensemble-de-noel\/","url":"https:\/\/www.gruppoliturgico.com\/fr\/categorie-produits\/saint-noel\/ensemble-de-noel\/","name":"Ensemble de No\u00ebl - Laboratorio Gruppo Liturgico","isPartOf":{"@id":"https:\/\/www.gruppoliturgico.com\/es\/#website"},"description":"Ensemble de No\u00ebl en fibre de verre d\u00e9cor\u00e9es \u00e0 la main. Statues d&rsquo;une hauteur de 65 cm jusqu&rsquo;\u00e0 une hauteur naturelle de 160 cm. Ensemble de No\u00ebl fabriqu\u00e9es dans un mat\u00e9riau adapt\u00e9 \u00e0 l&rsquo;usage ext\u00e9rieur. Ensemble de No\u00ebl compl\u00e8tes avec b\u0153uf, \u00e2ne, bergers et rois mages","breadcrumb":{"@id":"https:\/\/www.gruppoliturgico.com\/fr\/categorie-produits\/saint-noel\/ensemble-de-noel\/#breadcrumb"},"inLanguage":"fr-FR"},{"@type":"BreadcrumbList","@id":"https:\/\/www.gruppoliturgico.com\/fr\/categorie-produits\/saint-noel\/ensemble-de-noel\/#breadcrumb","itemListElement":[{"@type":"ListItem","position":1,"name":"Home","item":"https:\/\/www.gruppoliturgico.com\/fr\/"},{"@type":"ListItem","position":2,"name":"Saint N\u00f6el","item":"https:\/\/www.gruppoliturgico.com\/fr\/categorie-produits\/saint-noel\/"},{"@type":"ListItem","position":3,"name":"Ensemble de No\u00ebl"}]},{"@type":"WebSite","@id":"https:\/\/www.gruppoliturgico.com\/es\/#website","url":"https:\/\/www.gruppoliturgico.com\/es\/","name":"Laboratorio Gruppo Liturgico","description":"Articoli Religiosi online","publisher":{"@id":"https:\/\/www.gruppoliturgico.com\/es\/#organization"},"potentialAction":[{"@type":"SearchAction","target":{"@type":"EntryPoint","urlTemplate":"https:\/\/www.gruppoliturgico.com\/es\/?s={search_term_string}"},"query-input":"required name=search_term_string"}],"inLanguage":"fr-FR"},{"@type":"Organization","@id":"https:\/\/www.gruppoliturgico.com\/es\/#organization","name":"Laboratorio Gruppo Liturgico","url":"https:\/\/www.gruppoliturgico.com\/es\/","logo":{"@type":"ImageObject","inLanguage":"fr-FR","@id":"https:\/\/www.gruppoliturgico.com\/es\/#\/schema\/logo\/image\/","url":"https:\/\/www.gruppoliturgico.com\/wp-content\/uploads\/2022\/02\/logo-laboratoriogruppoliturgico.png","contentUrl":"https:\/\/www.gruppoliturgico.com\/wp-content\/uploads\/2022\/02\/logo-laboratoriogruppoliturgico.png","width":400,"height":114,"caption":"Laboratorio Gruppo Liturgico"},"image":{"@id":"https:\/\/www.gruppoliturgico.com\/es\/#\/schema\/logo\/image\/"}}]}},"_links":{"self":[{"href":"https:\/\/www.gruppoliturgico.com\/fr\/wp-json\/wp\/v2\/product_cat\/11824"}],"collection":[{"href":"https:\/\/www.gruppoliturgico.com\/fr\/wp-json\/wp\/v2\/product_cat"}],"about":[{"href":"https:\/\/www.gruppoliturgico.com\/fr\/wp-json\/wp\/v2\/taxonomies\/product_cat"}],"up":[{"embeddable":true,"href":"https:\/\/www.gruppoliturgico.com\/fr\/wp-json\/wp\/v2\/product_cat\/11608"}],"wp:post_type":[{"href":"https:\/\/www.gruppoliturgico.com\/fr\/wp-json\/wp\/v2\/product?product_cat=11824"}],"curies":[{"name":"wp","href":"https:\/\/api.w.org\/{rel}","templated":true}]}}